{"id":451,"date":"2019-05-08T14:32:35","date_gmt":"2019-05-08T12:32:35","guid":{"rendered":"http:\/\/www.dance-explosion.de\/?p=451"},"modified":"2019-06-12T14:17:54","modified_gmt":"2019-06-12T12:17:54","slug":"summer-selection-2019","status":"publish","type":"post","link":"https:\/\/www.dance-explosion.de\/fr\/2019\/05\/08\/summer-selection-2019\/","title":{"rendered":"Summer Selection 2019"},"content":{"rendered":"<p><span lang=\"DE\" style=\"margin: 0px; font-family: 'Calibri',sans-serif;\"><span style=\"color: #000000;\"><img fetchpriority=\"high\" decoding=\"async\" class=\"alignleft size-medium wp-image-464\" src=\"http:\/\/www.dance-explosion.de\/wp-content\/uploads\/2019\/06\/Postkarte-A6-Kopie-300x213.jpg\" alt=\"\" width=\"300\" height=\"213\" srcset=\"https:\/\/www.dance-explosion.de\/wp-content\/uploads\/2019\/06\/Postkarte-A6-Kopie-300x213.jpg 300w, https:\/\/www.dance-explosion.de\/wp-content\/uploads\/2019\/06\/Postkarte-A6-Kopie-768x545.jpg 768w, https:\/\/www.dance-explosion.de\/wp-content\/uploads\/2019\/06\/Postkarte-A6-Kopie-830x589.jpg 830w, https:\/\/www.dance-explosion.de\/wp-content\/uploads\/2019\/06\/Postkarte-A6-Kopie-230x163.jpg 230w, https:\/\/www.dance-explosion.de\/wp-content\/uploads\/2019\/06\/Postkarte-A6-Kopie-350x248.jpg 350w, https:\/\/www.dance-explosion.de\/wp-content\/uploads\/2019\/06\/Postkarte-A6-Kopie-480x341.jpg 480w, https:\/\/www.dance-explosion.de\/wp-content\/uploads\/2019\/06\/Postkarte-A6-Kopie.jpg 874w\" sizes=\"(max-width: 300px) 100vw, 300px\" \/>Vom 28. bis 30. Juni 2019 wird die 2. Chance Saarland e.V. mit ihrem Projekt \u201eMic-Check\u201c unter dem Motto \u201eFreedom &amp; Democracy\u201c auf dem Altstadtfest Saarbr\u00fccken in der T\u00fcrkenstra\u00dfe, neben der Basilika St. Johann, vertreten sein. \u00a0\u00a0<\/span><\/span><\/p>\n<p><span lang=\"DE\" style=\"margin: 0px; font-family: 'Calibri',sans-serif;\"><span style=\"color: #000000;\">F\u00fcr eine angenehme Stimmung wird freitags und samstags ab 14.00 Uhr das DJ-Team der 2. Chance Saarland mit einem musikalischen Aufw\u00e4rmprogramm sorgen. Anschlie\u00dfend k\u00f6nnen junge Musiker und Musikerinnen sich mit ihrer Musik ab 16.00 Uhr pr\u00e4sentieren. Bei Wunsch k\u00f6nnen sie von Musikern und Teilnehmern des Vereins begleitet werden. \u00a0<\/span><\/span><\/p>\n<p><span lang=\"DE\" style=\"margin: 0px; font-family: 'Calibri',sans-serif;\"><span style=\"color: #000000;\">An beiden Abenden wird es ab 19.00 Uhr eine Jam-Session geben. Hier k\u00f6nnen unterschiedliche Musiker ihre Leidenschaft gemeinsam auf der B\u00fchne pr\u00e4sentieren. Au\u00dferdem werden regionale K\u00fcnstler und Bands auftreten.<\/span><\/span><\/p>\n<p><span lang=\"DE\" style=\"margin: 0px; font-family: 'Calibri',sans-serif;\"><span style=\"color: #000000;\">Sonntags wird es von 13.00 bis 19.00 Uhr einen <strong>Tanzwettbewerb<\/strong> im Rahmen <img decoding=\"async\" class=\"alignright size-medium wp-image-469\" style=\"background-color: transparent; color: #000000; float: right; font-family: &amp;quot; calibri&amp;quot;,sans-serif; font-size: 16px; font-style: normal; font-variant: normal; font-weight: 400; height: 213px; letter-spacing: normal; max-width: 826px; orphans: 2; text-align: left; text-decoration: none; text-indent: 0px; text-transform: none; -webkit-text-stroke-width: 0px; white-space: normal; word-spacing: 0px; margin: 8px 0px 8px 16px;\" src=\"http:\/\/www.dance-explosion.de\/wp-content\/uploads\/2019\/05\/SummerSelection_DanceExplosion_2019_02-300x213.jpg\" alt=\"\" width=\"300\" height=\"213\" srcset=\"https:\/\/www.dance-explosion.de\/wp-content\/uploads\/2019\/05\/SummerSelection_DanceExplosion_2019_02-300x213.jpg 300w, https:\/\/www.dance-explosion.de\/wp-content\/uploads\/2019\/05\/SummerSelection_DanceExplosion_2019_02-768x545.jpg 768w, https:\/\/www.dance-explosion.de\/wp-content\/uploads\/2019\/05\/SummerSelection_DanceExplosion_2019_02-830x589.jpg 830w, https:\/\/www.dance-explosion.de\/wp-content\/uploads\/2019\/05\/SummerSelection_DanceExplosion_2019_02-230x163.jpg 230w, https:\/\/www.dance-explosion.de\/wp-content\/uploads\/2019\/05\/SummerSelection_DanceExplosion_2019_02-350x248.jpg 350w, https:\/\/www.dance-explosion.de\/wp-content\/uploads\/2019\/05\/SummerSelection_DanceExplosion_2019_02-480x341.jpg 480w, https:\/\/www.dance-explosion.de\/wp-content\/uploads\/2019\/05\/SummerSelection_DanceExplosion_2019_02.jpg 874w\" sizes=\"(max-width: 300px) 100vw, 300px\" \/>des Projektes \u201eDance Explosion\u201c geben. Beim Tanz-Battle unter dem Motto \u201eSummer Selection\u201c k\u00f6nnen T\u00e4nzerInnen in verschiedenen Tanzstilen, wie Hip-Hop (Solo und Duo), Breakdance und Krump, teilnehmen. Die Gewinner in den unterschiedlichen Kategorien erhalten ein Preisgeld. <\/span><\/span><\/p>\n<p><span lang=\"DE\" style=\"margin: 0px; font-family: 'Calibri',sans-serif;\"><span style=\"color: #000000;\">Die Anmeldung sowie weitere Informationen zu den Teilnahmebedingungen befinden sich <a href=\"http:\/\/www.dance-explosion.de\/summer-selection-2019\/\">hier. <\/a><\/span><\/span><span lang=\"DE\" style=\"margin: 0px; font-family: 'Calibri',sans-serif;\"><span style=\"color: #000000;\">Dar\u00fcber hinaus ist eine Anmeldung am Veranstaltungstag zwischen 10.00 und 11.00 Uhr m\u00f6glich. <\/span><\/span><\/p>\n<p><span lang=\"DE\" style=\"margin: 0px; font-family: 'Calibri',sans-serif;\"><span style=\"color: #000000;\">Anschlie\u00dfend wird DJ Oissim ab 19.00 Uhr f\u00fcr eine karibische Atmosph\u00e4re sorgen und alle Freunde von Salsa und Bachata sind herzlich eingeladen, das Tanzbein zu schwingen. \u00a0\u00a0<\/span><\/span><\/p>\n<p><span lang=\"DE\"><span style=\"color: #000000; font-family: Calibri;\">Bei dem Projekt \u201eMic-Check goes Altstadtfest\u201c unter dem Motto \u201eFreedom &amp; Democracy\u201c ist jeder willkommen, sich kreativ auszudr\u00fccken, spontan Musik zu machen, zu tanzen und den Tag mitzugestalten.<\/span><\/span><\/p>\n<p><span lang=\"DE\"><span style=\"color: #000000; font-family: Calibri;\">\u00a0<\/span><\/span><span lang=\"DE\" style=\"margin: 0px; font-family: 'Calibri',sans-serif; font-size: 12pt;\"><span style=\"color: #000000;\">Der Verein m\u00f6chte sich mit der offenen Jam f\u00fcr<\/span><\/span><span lang=\"DE\" style=\"margin: 0px; color: black; font-family: 'Calibri',sans-serif; font-size: 12pt;\"> Vielfalt, Toleranz und ein friedliches Miteinander gegen Fremdenhass einsetzen. <\/span><\/p>\n","protected":false},"excerpt":{"rendered":"<p>Vom 28. bis 30. Juni 2019 wird die 2. Chance Saarland e.V. mit ihrem Projekt \u201eMic-Check\u201c unter dem Motto \u201eFreedom &amp; Democracy\u201c auf dem Altstadtfest Saarbr\u00fccken in der T\u00fcrkenstra\u00dfe, neben der Basilika St. Johann, vertreten sein. \u00a0\u00a0 F\u00fcr eine angenehme Stimmung wird freitags und samstags ab 14.00 Uhr das DJ-Team der 2. Chance Saarland mit [&hellip;]<\/p>\n","protected":false},"author":1,"featured_media":0,"comment_status":"open","ping_status":"open","sticky":false,"template":"","format":"standard","meta":{"ocean_post_layout":"","ocean_both_sidebars_style":"","ocean_both_sidebars_content_width":0,"ocean_both_sidebars_sidebars_width":0,"ocean_sidebar":"","ocean_second_sidebar":"","ocean_disable_margins":"enable","ocean_add_body_class":"","ocean_shortcode_before_top_bar":"","ocean_shortcode_after_top_bar":"","ocean_shortcode_before_header":"","ocean_shortcode_after_header":"","ocean_has_shortcode":"","ocean_shortcode_after_title":"","ocean_shortcode_before_footer_widgets":"","ocean_shortcode_after_footer_widgets":"","ocean_shortcode_before_footer_bottom":"","ocean_shortcode_after_footer_bottom":"","ocean_display_top_bar":"default","ocean_display_header":"default","ocean_header_style":"","ocean_center_header_left_menu":"","ocean_custom_header_template":"","ocean_custom_logo":0,"ocean_custom_retina_logo":0,"ocean_custom_logo_max_width":0,"ocean_custom_logo_tablet_max_width":0,"ocean_custom_logo_mobile_max_width":0,"ocean_custom_logo_max_height":0,"ocean_custom_logo_tablet_max_height":0,"ocean_custom_logo_mobile_max_height":0,"ocean_header_custom_menu":"","ocean_menu_typo_font_family":"","ocean_menu_typo_font_subset":"","ocean_menu_typo_font_size":0,"ocean_menu_typo_font_size_tablet":0,"ocean_menu_typo_font_size_mobile":0,"ocean_menu_typo_font_size_unit":"px","ocean_menu_typo_font_weight":"","ocean_menu_typo_font_weight_tablet":"","ocean_menu_typo_font_weight_mobile":"","ocean_menu_typo_transform":"","ocean_menu_typo_transform_tablet":"","ocean_menu_typo_transform_mobile":"","ocean_menu_typo_line_height":0,"ocean_menu_typo_line_height_tablet":0,"ocean_menu_typo_line_height_mobile":0,"ocean_menu_typo_line_height_unit":"","ocean_menu_typo_spacing":0,"ocean_menu_typo_spacing_tablet":0,"ocean_menu_typo_spacing_mobile":0,"ocean_menu_typo_spacing_unit":"","ocean_menu_link_color":"","ocean_menu_link_color_hover":"","ocean_menu_link_color_active":"","ocean_menu_link_background":"","ocean_menu_link_hover_background":"","ocean_menu_link_active_background":"","ocean_menu_social_links_bg":"","ocean_menu_social_hover_links_bg":"","ocean_menu_social_links_color":"","ocean_menu_social_hover_links_color":"","ocean_disable_title":"default","ocean_disable_heading":"default","ocean_post_title":"","ocean_post_subheading":"","ocean_post_title_style":"","ocean_post_title_background_color":"","ocean_post_title_background":0,"ocean_post_title_bg_image_position":"","ocean_post_title_bg_image_attachment":"","ocean_post_title_bg_image_repeat":"","ocean_post_title_bg_image_size":"","ocean_post_title_height":0,"ocean_post_title_bg_overlay":0.5,"ocean_post_title_bg_overlay_color":"","ocean_disable_breadcrumbs":"default","ocean_breadcrumbs_color":"","ocean_breadcrumbs_separator_color":"","ocean_breadcrumbs_links_color":"","ocean_breadcrumbs_links_hover_color":"","ocean_display_footer_widgets":"default","ocean_display_footer_bottom":"default","ocean_custom_footer_template":"","ocean_post_oembed":"","ocean_post_self_hosted_media":"","ocean_post_video_embed":"","ocean_link_format":"","ocean_link_format_target":"self","ocean_quote_format":"","ocean_quote_format_link":"post","ocean_gallery_link_images":"on","ocean_gallery_id":[],"footnotes":""},"categories":[10],"tags":[],"class_list":["post-451","post","type-post","status-publish","format-standard","hentry","category-allgemein-de","entry"],"translation":{"provider":"WPGlobus","version":"3.0.2","language":"fr","enabled_languages":["de","fr"],"languages":{"de":{"title":true,"content":true,"excerpt":false},"fr":{"title":false,"content":false,"excerpt":false}}},"_links":{"self":[{"href":"https:\/\/www.dance-explosion.de\/fr\/wp-json\/wp\/v2\/posts\/451","targetHints":{"allow":["GET"]}}],"collection":[{"href":"https:\/\/www.dance-explosion.de\/fr\/wp-json\/wp\/v2\/posts"}],"about":[{"href":"https:\/\/www.dance-explosion.de\/fr\/wp-json\/wp\/v2\/types\/post"}],"author":[{"embeddable":true,"href":"https:\/\/www.dance-explosion.de\/fr\/wp-json\/wp\/v2\/users\/1"}],"replies":[{"embeddable":true,"href":"https:\/\/www.dance-explosion.de\/fr\/wp-json\/wp\/v2\/comments?post=451"}],"version-history":[{"count":5,"href":"https:\/\/www.dance-explosion.de\/fr\/wp-json\/wp\/v2\/posts\/451\/revisions"}],"predecessor-version":[{"id":471,"href":"https:\/\/www.dance-explosion.de\/fr\/wp-json\/wp\/v2\/posts\/451\/revisions\/471"}],"wp:attachment":[{"href":"https:\/\/www.dance-explosion.de\/fr\/wp-json\/wp\/v2\/media?parent=451"}],"wp:term":[{"taxonomy":"category","embeddable":true,"href":"https:\/\/www.dance-explosion.de\/fr\/wp-json\/wp\/v2\/categories?post=451"},{"taxonomy":"post_tag","embeddable":true,"href":"https:\/\/www.dance-explosion.de\/fr\/wp-json\/wp\/v2\/tags?post=451"}],"curies":[{"name":"wp","href":"https:\/\/api.w.org\/{rel}","templated":true}]}}