{"id":652,"date":"2021-08-03T08:49:16","date_gmt":"2021-08-03T06:49:16","guid":{"rendered":"https:\/\/www.dance-explosion.de\/?p=652"},"modified":"2021-08-03T08:50:36","modified_gmt":"2021-08-03T06:50:36","slug":"summer-selection-finale-2021","status":"publish","type":"post","link":"https:\/\/www.dance-explosion.de\/fr\/2021\/08\/03\/summer-selection-finale-2021\/","title":{"rendered":"Summer Selection Finale 2021"},"content":{"rendered":"\n<figure class=\"wp-block-image size-large\"><img fetchpriority=\"high\" decoding=\"async\" width=\"1024\" height=\"768\" src=\"https:\/\/www.dance-explosion.de\/wp-content\/uploads\/2021\/08\/2Chance-17-07-2021-n-0187-1024x768.jpg\" alt=\"\" class=\"wp-image-653\" srcset=\"https:\/\/www.dance-explosion.de\/wp-content\/uploads\/2021\/08\/2Chance-17-07-2021-n-0187-1024x768.jpg 1024w, https:\/\/www.dance-explosion.de\/wp-content\/uploads\/2021\/08\/2Chance-17-07-2021-n-0187-300x225.jpg 300w, https:\/\/www.dance-explosion.de\/wp-content\/uploads\/2021\/08\/2Chance-17-07-2021-n-0187-768x576.jpg 768w, https:\/\/www.dance-explosion.de\/wp-content\/uploads\/2021\/08\/2Chance-17-07-2021-n-0187-1536x1152.jpg 1536w, https:\/\/www.dance-explosion.de\/wp-content\/uploads\/2021\/08\/2Chance-17-07-2021-n-0187-830x623.jpg 830w, https:\/\/www.dance-explosion.de\/wp-content\/uploads\/2021\/08\/2Chance-17-07-2021-n-0187-230x173.jpg 230w, https:\/\/www.dance-explosion.de\/wp-content\/uploads\/2021\/08\/2Chance-17-07-2021-n-0187-350x263.jpg 350w, https:\/\/www.dance-explosion.de\/wp-content\/uploads\/2021\/08\/2Chance-17-07-2021-n-0187-480x360.jpg 480w, https:\/\/www.dance-explosion.de\/wp-content\/uploads\/2021\/08\/2Chance-17-07-2021-n-0187.jpg 1772w\" sizes=\"(max-width: 1024px) 100vw, 1024px\" \/><\/figure>\n\n\n\n<p>Am Samstag, den 17.Juli, fand im JUZ F\u00f6rsterstra\u00dfe das Finale der diesj\u00e4hrigen Summer Selection statt, das unter strengen Hygienevorschriften um 17.00 Uhr mit einem kleinen Live-Publikum beginnen konnte. <\/p>\n\n\n\n<p>Nach einer Begr\u00fc\u00dfung unserer beiden Moderator*innen Fritzi und Moses, begr\u00fc\u00dften auch Bildungsministerin Christine Streichert-Clivot, Generalkonsul S\u00e9bastien Girard und Regionalverbandsdirektor Peter Gillo die G\u00e4ste und Zuschauenden. Bei dieser Gelegenheit \u00fcberreichte Ministerin Streichert-Clivot dem Verein 2. Chance Saarland einen Check in H\u00f6he von 300\u20ac. Als weitere Ehreng\u00e4stin war Bundestagsabgeordnete Josephine Ortleb zu Besuch.<\/p>\n\n\n\n<p>Anschlie\u00dfend gab es das erste und einzige Battle in der Kategorie Juniorz zwischen Lorena und Bboy Lil TJ. Beide wurden zu Sieger*innen gek\u00fcrt. Danach ging es mit dem Pre-Final in der Kategorie Heroez weiter. In diesem gab es ein 2er- und ein 3er-Battle. F\u00fcr das Finale qualifizierten sich Bboy Eko, Danilo und Lil Alvin. Nach dem Finale gab es einen Auftritt von Breezy-K, w\u00e4hrend die Stimmen des Online-Votings ausgez\u00e4hlt wurden.<\/p>\n\n\n\n<p>Als weiteren Auftritt haben zwei franz\u00f6sische Jugendliche als Duo gezeigt, was sie t\u00e4nzerisch k\u00f6nnen, die von unserem Judge K\u00e9vin (Bboy Vink) trainiert werden. Schlie\u00dflich folgte die Bekanntgabe des Ergebnisses. Als Sieger der Heroez wurde Lil Alvin verk\u00fcndet. <\/p>\n\n\n\n<p>Zum Schluss gab es noch eine offene B\u00fchne mit Musik von DJ Emmo, bei der alle Teilnehmenden noch einmal gemeinsam tanzen konnten. <\/p>\n\n\n\n<p>Die Jury setzte sich aus folgenden Personen zusammen: Marc Lahutta, BigBase, The K, Volker Gebhardt und Bboy Vink. <\/p>\n\n\n\n<p>Unterst\u00fctzt wurde das Projekt vom Regionalverband Saarbr\u00fccken, UNO &#8211; Sparkasse Saarbr\u00fccken, IKK NOW, dem Ministerium f\u00fcr Bildung und Kultur Saarland, Saartoto und JUZ F\u00f6rsterstra\u00dfe. Ein gro\u00dfes Dankesch\u00f6n an Resarevoir Audiovisu\u00e4l, Roshkov Media und Jean M. Laffitau f\u00fcr die mediale Unterst\u00fctzung und Umsetzung.<\/p>\n","protected":false},"excerpt":{"rendered":"<p>Am Samstag, den 17.Juli, fand im JUZ F\u00f6rsterstra\u00dfe das Finale der diesj\u00e4hrigen Summer Selection statt, das unter strengen Hygienevorschriften um 17.00 Uhr mit einem kleinen Live-Publikum beginnen konnte. Nach einer Begr\u00fc\u00dfung unserer beiden Moderator*innen Fritzi und Moses, begr\u00fc\u00dften auch Bildungsministerin Christine Streichert-Clivot, Generalkonsul S\u00e9bastien Girard und Regionalverbandsdirektor Peter Gillo die G\u00e4ste und Zuschauenden. Bei dieser [&hellip;]<\/p>\n","protected":false},"author":1,"featured_media":0,"comment_status":"open","ping_status":"open","sticky":false,"template":"","format":"standard","meta":{"ocean_post_layout":"","ocean_both_sidebars_style":"","ocean_both_sidebars_content_width":0,"ocean_both_sidebars_sidebars_width":0,"ocean_sidebar":"","ocean_second_sidebar":"","ocean_disable_margins":"enable","ocean_add_body_class":"","ocean_shortcode_before_top_bar":"","ocean_shortcode_after_top_bar":"","ocean_shortcode_before_header":"","ocean_shortcode_after_header":"","ocean_has_shortcode":"","ocean_shortcode_after_title":"","ocean_shortcode_before_footer_widgets":"","ocean_shortcode_after_footer_widgets":"","ocean_shortcode_before_footer_bottom":"","ocean_shortcode_after_footer_bottom":"","ocean_display_top_bar":"default","ocean_display_header":"default","ocean_header_style":"","ocean_center_header_left_menu":"","ocean_custom_header_template":"","ocean_custom_logo":0,"ocean_custom_retina_logo":0,"ocean_custom_logo_max_width":0,"ocean_custom_logo_tablet_max_width":0,"ocean_custom_logo_mobile_max_width":0,"ocean_custom_logo_max_height":0,"ocean_custom_logo_tablet_max_height":0,"ocean_custom_logo_mobile_max_height":0,"ocean_header_custom_menu":"","ocean_menu_typo_font_family":"","ocean_menu_typo_font_subset":"","ocean_menu_typo_font_size":0,"ocean_menu_typo_font_size_tablet":0,"ocean_menu_typo_font_size_mobile":0,"ocean_menu_typo_font_size_unit":"px","ocean_menu_typo_font_weight":"","ocean_menu_typo_font_weight_tablet":"","ocean_menu_typo_font_weight_mobile":"","ocean_menu_typo_transform":"","ocean_menu_typo_transform_tablet":"","ocean_menu_typo_transform_mobile":"","ocean_menu_typo_line_height":0,"ocean_menu_typo_line_height_tablet":0,"ocean_menu_typo_line_height_mobile":0,"ocean_menu_typo_line_height_unit":"","ocean_menu_typo_spacing":0,"ocean_menu_typo_spacing_tablet":0,"ocean_menu_typo_spacing_mobile":0,"ocean_menu_typo_spacing_unit":"","ocean_menu_link_color":"","ocean_menu_link_color_hover":"","ocean_menu_link_color_active":"","ocean_menu_link_background":"","ocean_menu_link_hover_background":"","ocean_menu_link_active_background":"","ocean_menu_social_links_bg":"","ocean_menu_social_hover_links_bg":"","ocean_menu_social_links_color":"","ocean_menu_social_hover_links_color":"","ocean_disable_title":"default","ocean_disable_heading":"default","ocean_post_title":"","ocean_post_subheading":"","ocean_post_title_style":"","ocean_post_title_background_color":"","ocean_post_title_background":0,"ocean_post_title_bg_image_position":"","ocean_post_title_bg_image_attachment":"","ocean_post_title_bg_image_repeat":"","ocean_post_title_bg_image_size":"","ocean_post_title_height":0,"ocean_post_title_bg_overlay":0.5,"ocean_post_title_bg_overlay_color":"","ocean_disable_breadcrumbs":"default","ocean_breadcrumbs_color":"","ocean_breadcrumbs_separator_color":"","ocean_breadcrumbs_links_color":"","ocean_breadcrumbs_links_hover_color":"","ocean_display_footer_widgets":"default","ocean_display_footer_bottom":"default","ocean_custom_footer_template":"","ocean_post_oembed":"","ocean_post_self_hosted_media":"","ocean_post_video_embed":"","ocean_link_format":"","ocean_link_format_target":"self","ocean_quote_format":"","ocean_quote_format_link":"post","ocean_gallery_link_images":"on","ocean_gallery_id":[],"footnotes":""},"categories":[10],"tags":[],"class_list":["post-652","post","type-post","status-publish","format-standard","hentry","category-allgemein-de","entry"],"translation":{"provider":"WPGlobus","version":"3.0.2","language":"fr","enabled_languages":["de","fr"],"languages":{"de":{"title":true,"content":true,"excerpt":false},"fr":{"title":false,"content":false,"excerpt":false}}},"_links":{"self":[{"href":"https:\/\/www.dance-explosion.de\/fr\/wp-json\/wp\/v2\/posts\/652","targetHints":{"allow":["GET"]}}],"collection":[{"href":"https:\/\/www.dance-explosion.de\/fr\/wp-json\/wp\/v2\/posts"}],"about":[{"href":"https:\/\/www.dance-explosion.de\/fr\/wp-json\/wp\/v2\/types\/post"}],"author":[{"embeddable":true,"href":"https:\/\/www.dance-explosion.de\/fr\/wp-json\/wp\/v2\/users\/1"}],"replies":[{"embeddable":true,"href":"https:\/\/www.dance-explosion.de\/fr\/wp-json\/wp\/v2\/comments?post=652"}],"version-history":[{"count":2,"href":"https:\/\/www.dance-explosion.de\/fr\/wp-json\/wp\/v2\/posts\/652\/revisions"}],"predecessor-version":[{"id":655,"href":"https:\/\/www.dance-explosion.de\/fr\/wp-json\/wp\/v2\/posts\/652\/revisions\/655"}],"wp:attachment":[{"href":"https:\/\/www.dance-explosion.de\/fr\/wp-json\/wp\/v2\/media?parent=652"}],"wp:term":[{"taxonomy":"category","embeddable":true,"href":"https:\/\/www.dance-explosion.de\/fr\/wp-json\/wp\/v2\/categories?post=652"},{"taxonomy":"post_tag","embeddable":true,"href":"https:\/\/www.dance-explosion.de\/fr\/wp-json\/wp\/v2\/tags?post=652"}],"curies":[{"name":"wp","href":"https:\/\/api.w.org\/{rel}","templated":true}]}}